{"id":59973,"date":"2026-09-04T08:58:29","date_gmt":"2026-09-04T11:58:29","guid":{"rendered":"https:\/\/clicdenoticias.com\/?p=59973"},"modified":"2026-09-02T09:12:22","modified_gmt":"2026-09-02T12:12:22","slug":"riesgos-del-trabajo-actualizaron-las-indemnizaciones-desde-septiembre","status":"publish","type":"post","link":"https:\/\/clicdenoticias.com\/index.php\/2026\/09\/04\/riesgos-del-trabajo-actualizaron-las-indemnizaciones-desde-septiembre\/","title":{"rendered":"Riesgos del Trabajo: actualizaron las indemnizaciones desde septiembre"},"content":{"rendered":"\n<p class=\"wp-block-paragraph\">La&nbsp;<strong>Superintendencia de Riesgos del Trabajo (SRT) actualiz\u00f3 los montos de las indemnizaciones por accidentes laborales y enfermedades profesionales para el per\u00edodo comprendido entre septiembre de 2026 y febrero de 2027<\/strong>.<\/p>\n\n\n\n<p class=\"wp-block-paragraph\">La medida fue establecida mediante la Resoluci\u00f3n 39\/2026 y contempla la evoluci\u00f3n de la Remuneraci\u00f3n Imponible Promedio de los Trabajadores Estables (RIPTE).<\/p>\n\n\n\n<p class=\"wp-block-paragraph\"><strong>Las compensaciones adicionales de pago \u00fanico quedaron fijadas en $50.824.055, $63.530.069 y $76.236.060<\/strong>, seg\u00fan el supuesto previsto por la legislaci\u00f3n.<\/p>\n\n\n\n<p class=\"wp-block-paragraph\"><strong>Para determinadas indemnizaciones, el piso se estableci\u00f3 en $114.354.110<\/strong>, monto que en algunos casos deber\u00e1 calcularse de acuerdo con el porcentaje de incapacidad determinado. Adem\u00e1s, l<strong>a indemnizaci\u00f3n adicional correspondiente a muerte o incapacidad total tendr\u00e1 un piso de $21.656.176.<\/strong><\/p>\n\n\n\n<p class=\"wp-block-paragraph\">Los nuevos valores se aplicar\u00e1n a las contingencias alcanzadas por el sistema durante los seis meses comprendidos por la resoluci\u00f3n.<\/p>\n\n\n\n<p class=\"wp-block-paragraph\">La actualizaci\u00f3n impacta sobre trabajadores, empleadores y aseguradoras de riesgos del trabajo que intervengan en la liquidaci\u00f3n de las prestaciones.<\/p>\n\n\n\n<p class=\"wp-block-paragraph\">Agencia NA<\/p>\n","protected":false},"excerpt":{"rendered":"<p>La&nbsp;Superintendencia de Riesgos del Trabajo (SRT) actualiz\u00f3 los montos de las indemnizaciones por accidentes laborales y enfermedades profesionales para el per\u00edodo comprendido entre septiembre de 2026 y febrero de 2027. La medida fue establecida mediante la Resoluci\u00f3n 39\/2026 y contempla la evoluci\u00f3n de la Remuneraci\u00f3n Imponible Promedio de los Trabajadores Estables (RIPTE). Las compensaciones adicionales [&hellip;]<\/p>\n","protected":false},"author":2,"featured_media":59974,"comment_status":"closed","ping_status":"open","sticky":false,"template":"","format":"standard","meta":{"footnotes":""},"categories":[44],"tags":[],"class_list":["post-59973","post","type-post","status-publish","format-standard","has-post-thumbnail","hentry","category-economia"],"_links":{"self":[{"href":"https:\/\/clicdenoticias.com\/index.php\/wp-json\/wp\/v2\/posts\/59973","targetHints":{"allow":["GET"]}}],"collection":[{"href":"https:\/\/clicdenoticias.com\/index.php\/wp-json\/wp\/v2\/posts"}],"about":[{"href":"https:\/\/clicdenoticias.com\/index.php\/wp-json\/wp\/v2\/types\/post"}],"author":[{"embeddable":true,"href":"https:\/\/clicdenoticias.com\/index.php\/wp-json\/wp\/v2\/users\/2"}],"replies":[{"embeddable":true,"href":"https:\/\/clicdenoticias.com\/index.php\/wp-json\/wp\/v2\/comments?post=59973"}],"version-history":[{"count":1,"href":"https:\/\/clicdenoticias.com\/index.php\/wp-json\/wp\/v2\/posts\/59973\/revisions"}],"predecessor-version":[{"id":59975,"href":"https:\/\/clicdenoticias.com\/index.php\/wp-json\/wp\/v2\/posts\/59973\/revisions\/59975"}],"wp:featuredmedia":[{"embeddable":true,"href":"https:\/\/clicdenoticias.com\/index.php\/wp-json\/wp\/v2\/media\/59974"}],"wp:attachment":[{"href":"https:\/\/clicdenoticias.com\/index.php\/wp-json\/wp\/v2\/media?parent=59973"}],"wp:term":[{"taxonomy":"category","embeddable":true,"href":"https:\/\/clicdenoticias.com\/index.php\/wp-json\/wp\/v2\/categories?post=59973"},{"taxonomy":"post_tag","embeddable":true,"href":"https:\/\/clicdenoticias.com\/index.php\/wp-json\/wp\/v2\/tags?post=59973"}],"curies":[{"name":"wp","href":"https:\/\/api.w.org\/{rel}","templated":true}]}}