{"id":59985,"date":"2026-09-03T09:23:33","date_gmt":"2026-09-03T12:23:33","guid":{"rendered":"https:\/\/clicdenoticias.com\/?p=59985"},"modified":"2026-09-02T12:43:28","modified_gmt":"2026-09-02T15:43:28","slug":"colapinto-en-el-templo-de-la-velocidad-asi-es-una-vuelta-en-el-gp-de-italia-de-formula-1","status":"publish","type":"post","link":"https:\/\/clicdenoticias.com\/index.php\/2026\/09\/03\/colapinto-en-el-templo-de-la-velocidad-asi-es-una-vuelta-en-el-gp-de-italia-de-formula-1\/","title":{"rendered":"Colapinto en el \u201cTemplo de la velocidad\u201d: as\u00ed es una vuelta en el GP de Italia de F\u00f3rmula 1"},"content":{"rendered":"\n<p class=\"wp-block-paragraph\">El piloto argentino&nbsp;<a href=\"https:\/\/noticiasargentinas.com\/deportes\/colapinto-en-el--templo-de-la-velocidad---el-cronograma-y-horarios-del-gp-de-italia-de-formula-1_a6a958ab4296ab7f15446dd25\"><strong>Franco Colapinto<\/strong><\/a><strong>&nbsp;(Alpine) participar\u00e1 este fin de semana en el Gran Premio de Italia<\/strong>, correspondiente a la&nbsp;<strong>decimotercera fecha del campeonato de F\u00f3rmula 1.<\/strong><\/p>\n\n\n\n<p class=\"wp-block-paragraph\">Este Gran Premio se lleva a cabo en el&nbsp;<strong>Aut\u00f3dromo Nacional de Monza<\/strong>, tambi\u00e9n conocido como el&nbsp;<strong>\u00abTemplo de la Velocidad\u00bb<\/strong>, que cuenta con<strong>&nbsp;11 curvas y una extensi\u00f3n de 5,793 kil\u00f3metros.<\/strong><\/p>\n\n\n\n<p class=\"wp-block-paragraph\">Colapinto ya disput\u00f3 este Gran Premio en 2024, donde tuvo su debut absoluto en la categor\u00eda y qued\u00f3 duod\u00e9cimo, mientras que el a\u00f1o pasado finaliz\u00f3 decimos\u00e9ptimo.<\/p>\n","protected":false},"excerpt":{"rendered":"<p>El piloto argentino&nbsp;Franco Colapinto&nbsp;(Alpine) participar\u00e1 este fin de semana en el Gran Premio de Italia, correspondiente a la&nbsp;decimotercera fecha del campeonato de F\u00f3rmula 1. Este Gran Premio se lleva a cabo en el&nbsp;Aut\u00f3dromo Nacional de Monza, tambi\u00e9n conocido como el&nbsp;\u00abTemplo de la Velocidad\u00bb, que cuenta con&nbsp;11 curvas y una extensi\u00f3n de 5,793 kil\u00f3metros. Colapinto ya [&hellip;]<\/p>\n","protected":false},"author":2,"featured_media":59986,"comment_status":"closed","ping_status":"open","sticky":false,"template":"","format":"standard","meta":{"footnotes":""},"categories":[50],"tags":[],"class_list":["post-59985","post","type-post","status-publish","format-standard","has-post-thumbnail","hentry","category-deportes"],"_links":{"self":[{"href":"https:\/\/clicdenoticias.com\/index.php\/wp-json\/wp\/v2\/posts\/59985","targetHints":{"allow":["GET"]}}],"collection":[{"href":"https:\/\/clicdenoticias.com\/index.php\/wp-json\/wp\/v2\/posts"}],"about":[{"href":"https:\/\/clicdenoticias.com\/index.php\/wp-json\/wp\/v2\/types\/post"}],"author":[{"embeddable":true,"href":"https:\/\/clicdenoticias.com\/index.php\/wp-json\/wp\/v2\/users\/2"}],"replies":[{"embeddable":true,"href":"https:\/\/clicdenoticias.com\/index.php\/wp-json\/wp\/v2\/comments?post=59985"}],"version-history":[{"count":1,"href":"https:\/\/clicdenoticias.com\/index.php\/wp-json\/wp\/v2\/posts\/59985\/revisions"}],"predecessor-version":[{"id":59987,"href":"https:\/\/clicdenoticias.com\/index.php\/wp-json\/wp\/v2\/posts\/59985\/revisions\/59987"}],"wp:featuredmedia":[{"embeddable":true,"href":"https:\/\/clicdenoticias.com\/index.php\/wp-json\/wp\/v2\/media\/59986"}],"wp:attachment":[{"href":"https:\/\/clicdenoticias.com\/index.php\/wp-json\/wp\/v2\/media?parent=59985"}],"wp:term":[{"taxonomy":"category","embeddable":true,"href":"https:\/\/clicdenoticias.com\/index.php\/wp-json\/wp\/v2\/categories?post=59985"},{"taxonomy":"post_tag","embeddable":true,"href":"https:\/\/clicdenoticias.com\/index.php\/wp-json\/wp\/v2\/tags?post=59985"}],"curies":[{"name":"wp","href":"https:\/\/api.w.org\/{rel}","templated":true}]}}