{"id":6955,"date":"2021-09-19T21:39:13","date_gmt":"2021-09-20T00:39:13","guid":{"rendered":"https:\/\/clicdenoticias.com\/?p=6955"},"modified":"2021-09-19T21:39:13","modified_gmt":"2021-09-20T00:39:13","slug":"el-congreso-iluminado-de-azul-por-el-dia-nacional-de-las-personas-sordas","status":"publish","type":"post","link":"https:\/\/clicdenoticias.com\/index.php\/2021\/09\/19\/el-congreso-iluminado-de-azul-por-el-dia-nacional-de-las-personas-sordas\/","title":{"rendered":"EL CONGRESO, ILUMINADO DE AZUL POR EL D\u00cdA NACIONAL DE LAS PERSONAS SORDAS"},"content":{"rendered":"\n<p>La fachada del Parlamento Nacional se ilumin\u00f3 de ese color con el prop\u00f3sito de promover el reconocimiento de la lengua de se\u00f1as argentina, e igualar derechos y oportunidades.<\/p>\n\n\n\n<p>La iniciativa es de la Confederaci\u00f3n Argentina de Sordos (CAS) y cuenta con el apoyo de la C\u00e1mara de Diputados, que preside Sergio Massa.<\/p>\n\n\n\n<p>Adem\u00e1s, por la misma causa se convoc\u00f3 a la Plaza de los Dos Congresos, a personas sordas, familiares, int\u00e9rpretes y asociaciones civiles que militan por el reconocimiento de la Lengua de Se\u00f1as.<\/p>\n\n\n\n<p>Azul es el color elegido por la Federaci\u00f3n Mundial de Sordos para iluminar edificios emblem\u00e1ticos de todo el mundo y seguir concientizando a favor de la causa. En nuestro pa\u00eds, la CAS tiene como principal s\u00edmbolo un pa\u00f1uelo de ese color, en honor a las madres de Plaza de Mayo.<\/p>\n\n\n\n<p>En la Argentina, se conmemora todos los 19 de septiembre de cada a\u00f1o como el D\u00eda Nacional de las Personas Sordas en homenaje a la sanci\u00f3n de la Ley 1.666 de 1885, que cre\u00f3 el primer instituto educativo para sordomudos. Las ONG reclaman que sea oficial la Lengua de Se\u00f1as y el INADI presta servicios para garantizar los derechos de las personas sordas.<\/p>\n","protected":false},"excerpt":{"rendered":"<p>La fachada del Parlamento Nacional se ilumin\u00f3 de ese color con el prop\u00f3sito de promover el reconocimiento de la lengua de se\u00f1as argentina, e igualar derechos y oportunidades. La iniciativa es de la Confederaci\u00f3n Argentina de Sordos (CAS) y cuenta con el apoyo de la C\u00e1mara de Diputados, que preside Sergio Massa. Adem\u00e1s, por la [&hellip;]<\/p>\n","protected":false},"author":3,"featured_media":6956,"comment_status":"open","ping_status":"open","sticky":false,"template":"","format":"standard","meta":{"footnotes":""},"categories":[45],"tags":[],"class_list":["post-6955","post","type-post","status-publish","format-standard","has-post-thumbnail","hentry","category-sociedad"],"_links":{"self":[{"href":"https:\/\/clicdenoticias.com\/index.php\/wp-json\/wp\/v2\/posts\/6955","targetHints":{"allow":["GET"]}}],"collection":[{"href":"https:\/\/clicdenoticias.com\/index.php\/wp-json\/wp\/v2\/posts"}],"about":[{"href":"https:\/\/clicdenoticias.com\/index.php\/wp-json\/wp\/v2\/types\/post"}],"author":[{"embeddable":true,"href":"https:\/\/clicdenoticias.com\/index.php\/wp-json\/wp\/v2\/users\/3"}],"replies":[{"embeddable":true,"href":"https:\/\/clicdenoticias.com\/index.php\/wp-json\/wp\/v2\/comments?post=6955"}],"version-history":[{"count":1,"href":"https:\/\/clicdenoticias.com\/index.php\/wp-json\/wp\/v2\/posts\/6955\/revisions"}],"predecessor-version":[{"id":6957,"href":"https:\/\/clicdenoticias.com\/index.php\/wp-json\/wp\/v2\/posts\/6955\/revisions\/6957"}],"wp:featuredmedia":[{"embeddable":true,"href":"https:\/\/clicdenoticias.com\/index.php\/wp-json\/wp\/v2\/media\/6956"}],"wp:attachment":[{"href":"https:\/\/clicdenoticias.com\/index.php\/wp-json\/wp\/v2\/media?parent=6955"}],"wp:term":[{"taxonomy":"category","embeddable":true,"href":"https:\/\/clicdenoticias.com\/index.php\/wp-json\/wp\/v2\/categories?post=6955"},{"taxonomy":"post_tag","embeddable":true,"href":"https:\/\/clicdenoticias.com\/index.php\/wp-json\/wp\/v2\/tags?post=6955"}],"curies":[{"name":"wp","href":"https:\/\/api.w.org\/{rel}","templated":true}]}}