{"id":7677,"date":"2021-10-11T13:14:48","date_gmt":"2021-10-11T16:14:48","guid":{"rendered":"https:\/\/clicdenoticias.com\/?p=7677"},"modified":"2021-10-11T13:14:49","modified_gmt":"2021-10-11T16:14:49","slug":"hernan-lombardi-de-cara-a-las-generales-vamos-a-ampliar-la-diferencia-con-el-oficialismo","status":"publish","type":"post","link":"https:\/\/clicdenoticias.com\/index.php\/2021\/10\/11\/hernan-lombardi-de-cara-a-las-generales-vamos-a-ampliar-la-diferencia-con-el-oficialismo\/","title":{"rendered":"HERN\u00c1N LOMBARDI DE CARA A LAS GENERALES: \u00abVAMOS A AMPLIAR LA DIFERENCIA CON EL OFICIALISMO\u00bb"},"content":{"rendered":"\n<p><strong>El candidato a diputado de Juntos y secretario de Movilizaci\u00f3n PRO, Hern\u00e1n Lombardi asegur\u00f3 que se siente confiado para las elecciones generales del 14 de noviembre, y vaticin\u00f3 ampliar la diferencia con respecto al oficialismo. Por su parte, tild\u00f3 de \u00abirresponsable y demagogos\u00bb a los \u00faltimos anuncios del Gobierno.<\/strong><\/p>\n\n\n\n<p>&nbsp; &nbsp;\u00abLa madurez de los argentinos se ha desarrollado enormemente, ya no se los enga\u00f1a de nuevo, como intenta (Axel) Kicillof, con espejitos de colores. Cada elecci\u00f3n es nueva, y estamos confiados en que vamos a ganarle con m\u00e1s diferencia a\u00fan\u00bb, declar\u00f3 Lombardi en di\u00e1logo con Luis Majul en el programa \u00abEsta Ma\u00f1ana\u00bb que se emite por Radio Rivadavia.<\/p>\n\n\n\n<p>&nbsp;&nbsp; Para el candidato de Juntos, el kirchnerismo est\u00e1 inmerso en una \u00abdesesperaci\u00f3n\u00bb post paso, y anuncia medidas que \u00abno tienen nada que ver con la situaci\u00f3n extraordinariamente dif\u00edcil de la Argentina\u00bb.<\/p>\n\n\n\n<p>&nbsp;&nbsp; \u00ab(Axel) Kicillof no se preocupa por c\u00f3mo va a costear eso\u00bb, puntualiz\u00f3 el referente del PRO en referencia al anuncio de los viajes de egresados gratuitos.<\/p>\n\n\n\n<p>&nbsp;&nbsp; En esa l\u00ednea, el secretario de Movilizaci\u00f3n del PRO asegur\u00f3 que la sociedad no tolera m\u00e1s \u00ablas promesas de planes sociales\u00bb, y destac\u00f3 que las recetas \u00absin \u00e9xito\u00bb del oficialismo fueron probadas hace a\u00f1os.<\/p>\n\n\n\n<p>&nbsp;&nbsp; Adem\u00e1s, sostuvo: \u00abEl pluralismo y federalismo logrado durante los cuatro a\u00f1os de Mauricio Macri han sido tirados por la borda\u00bb.<\/p>\n\n\n\n<p>&nbsp;&nbsp; Sobre la designaci\u00f3n de Roberto Feletti como nuevo Secretario de Comercio, Lombardi asegur\u00f3: \u00abEs demasiado viejo para probarlo de nuevo, no se les cae una idea nueva, eso es lo alarmante\u00bb. .<\/p>\n\n\n\n<p>&nbsp;&nbsp; Asimismo agreg\u00f3: \u00abVan a querer parar la inflaci\u00f3n persiguiendo a los comerciantes, poniendo m\u00e1ximos, y todo est\u00e1 claro que no funciona, pero est\u00e1 claro desde hace 40 a\u00f1os que no funciona\u00bb.<\/p>\n\n\n\n<p>&nbsp;&nbsp; Por otra parte, el referente de la oposici\u00f3n manifest\u00f3 que del Gobierno espera \u00absolo malas noticas\u00bb, y afirm\u00f3 que desde hace dos a\u00f1os el oficialismo \u00abno tiene un plan\u00bb.<\/p>\n\n\n\n<p>&nbsp;&nbsp; Por \u00faltimo, Lombardi se\u00f1al\u00f3: \u00abLos argentinos sabemos que solamente el esfuerzo, el trabajo, la producci\u00f3n y una apuesta gigante en educaci\u00f3n generan una vida digna\u00bb.<\/p>\n","protected":false},"excerpt":{"rendered":"<p>El candidato a diputado de Juntos y secretario de Movilizaci\u00f3n PRO, Hern\u00e1n Lombardi asegur\u00f3 que se siente confiado para las elecciones generales del 14 de noviembre, y vaticin\u00f3 ampliar la diferencia con respecto al oficialismo. Por su parte, tild\u00f3 de \u00abirresponsable y demagogos\u00bb a los \u00faltimos anuncios del Gobierno. &nbsp; &nbsp;\u00abLa madurez de los argentinos [&hellip;]<\/p>\n","protected":false},"author":2,"featured_media":7678,"comment_status":"open","ping_status":"open","sticky":false,"template":"","format":"standard","meta":{"footnotes":""},"categories":[43],"tags":[],"class_list":["post-7677","post","type-post","status-publish","format-standard","has-post-thumbnail","hentry","category-politica"],"_links":{"self":[{"href":"https:\/\/clicdenoticias.com\/index.php\/wp-json\/wp\/v2\/posts\/7677","targetHints":{"allow":["GET"]}}],"collection":[{"href":"https:\/\/clicdenoticias.com\/index.php\/wp-json\/wp\/v2\/posts"}],"about":[{"href":"https:\/\/clicdenoticias.com\/index.php\/wp-json\/wp\/v2\/types\/post"}],"author":[{"embeddable":true,"href":"https:\/\/clicdenoticias.com\/index.php\/wp-json\/wp\/v2\/users\/2"}],"replies":[{"embeddable":true,"href":"https:\/\/clicdenoticias.com\/index.php\/wp-json\/wp\/v2\/comments?post=7677"}],"version-history":[{"count":1,"href":"https:\/\/clicdenoticias.com\/index.php\/wp-json\/wp\/v2\/posts\/7677\/revisions"}],"predecessor-version":[{"id":7679,"href":"https:\/\/clicdenoticias.com\/index.php\/wp-json\/wp\/v2\/posts\/7677\/revisions\/7679"}],"wp:featuredmedia":[{"embeddable":true,"href":"https:\/\/clicdenoticias.com\/index.php\/wp-json\/wp\/v2\/media\/7678"}],"wp:attachment":[{"href":"https:\/\/clicdenoticias.com\/index.php\/wp-json\/wp\/v2\/media?parent=7677"}],"wp:term":[{"taxonomy":"category","embeddable":true,"href":"https:\/\/clicdenoticias.com\/index.php\/wp-json\/wp\/v2\/categories?post=7677"},{"taxonomy":"post_tag","embeddable":true,"href":"https:\/\/clicdenoticias.com\/index.php\/wp-json\/wp\/v2\/tags?post=7677"}],"curies":[{"name":"wp","href":"https:\/\/api.w.org\/{rel}","templated":true}]}}