{"id":7970,"date":"2021-10-17T20:43:08","date_gmt":"2021-10-17T23:43:08","guid":{"rendered":"https:\/\/clicdenoticias.com\/?p=7970"},"modified":"2021-10-17T20:43:09","modified_gmt":"2021-10-17T23:43:09","slug":"el-oficialismo-apuesta-a-dar-vuelta-la-eleccion-en-la-madre-de-las-batallas-se-focalizaran-en-mateadas-y-encuentros-vecinales","status":"publish","type":"post","link":"https:\/\/clicdenoticias.com\/index.php\/2021\/10\/17\/el-oficialismo-apuesta-a-dar-vuelta-la-eleccion-en-la-madre-de-las-batallas-se-focalizaran-en-mateadas-y-encuentros-vecinales\/","title":{"rendered":"EL OFICIALISMO APUESTA A DAR VUELTA LA ELECCI\u00d3N EN LA MADRE DE LAS BATALLAS: SE FOCALIZAR\u00c1N EN MATEADAS Y ENCUENTROS VECINALES"},"content":{"rendered":"\n<p><strong>El Frente de Todos apuesta a \u00abdar vuelta la elecci\u00f3n\u00bb en provincia de Buenos Aires, al considerar que es la madre de las batallas, centrando la campa\u00f1a en mateadas y encuentros vecinales para \u00abescuchar\u00bb y \u00abcomunicar acciones de gesti\u00f3n\u00bb.<\/strong><\/p>\n\n\n\n<p>&nbsp; &nbsp;\u00abLa idea es recuperar el formato de las mateadas y encuentros con los vecinos, que hab\u00eda sido tan caracter\u00edstica de nuestra campa\u00f1a en 2019\u00bb, precisaron a NA fuentes del Gobierno bonaerense.<\/p>\n\n\n\n<p>&nbsp;&nbsp; En ese marco, indicaron que ese tipo de formato proselitista se comenzar\u00e1 a \u00abutilizar bastante m\u00e1s en el tramo final de la campa\u00f1a\u00bb, dado que el pr\u00f3ximo mi\u00e9rcoles es la fecha l\u00edmite para realizar anuncios de gesti\u00f3n seg\u00fan el calendario electoral.<\/p>\n\n\n\n<p>&nbsp;&nbsp; \u00abVamos a recorrer todo lo que se pueda hasta el 14 de noviembre (fecha de la elecci\u00f3n general). A partir del pr\u00f3ximo mi\u00e9rcoles ya sin inauguraciones ni anuncios\u00bb, puntualizaron.<\/p>\n\n\n\n<p>&nbsp;&nbsp; En ese aspecto, afirmaron que el formato de las mateadas se implementar\u00e1 \u00abbastante en el tramo final de la campa\u00f1a\u00bb, y aclararon que el gobernador bonaerense, Axel Kicillof, se mostrar\u00e1 con los diferentes candidatos de la lista oficialista.<\/p>\n\n\n\n<p>&nbsp;&nbsp; \u00abTanto las recorridas como las mateadas las vamos a ir haciendo con los diferentes candidatos de la provincia, la idea es que todos participen activamente\u00bb, explicaron a Noticias Argentinas.<\/p>\n\n\n\n<p>&nbsp;&nbsp; Adem\u00e1s, detallaron que se mantendr\u00e1n los encuentros con comerciantes y productores de distintos sectores para \u00abconversar sobre la situaci\u00f3n, especialmente en este renacer de la post pandemia que tiene un mont\u00f3n de desaf\u00edos\u00bb. .<\/p>\n\n\n\n<p>&nbsp;&nbsp; \u00abLas convocatorias las hacemos abiertas, la idea es que la gente sepa d\u00f3nde va a ser la actividad para que se pueda acercar el que desea\u00bb, relataron.<\/p>\n\n\n\n<p>&nbsp;&nbsp; Con el objetivo de \u00abatraer a quienes no optaron por el Frente de Todos o no fueron a votar\u00bb en las PASO del pasado 12 de septiembre, el oficialismo bonaerense buscar\u00e1 \u00aborientar la comunicaci\u00f3n con mensajes espec\u00edficos para cada sector\u00bb.<\/p>\n\n\n\n<p>&nbsp;&nbsp; \u00abLa campa\u00f1a en redes sociales va a ser bien segmentadas. La idea es orientar la comunicaci\u00f3n de las distintas acciones y avances de gesti\u00f3n\u00bb, enfatizaron.<\/p>\n\n\n\n<p>&nbsp;&nbsp; En esa l\u00ednea, aseguraron que los spots de campa\u00f1a apuntar\u00e1 a \u00absectores espec\u00edficos\u00bb y ser\u00e1n \u00abm\u00e1s relajados\u00bb, al considerar que los utilizados en las PASO \u00abse ve\u00edan muy formales\u00bb.<\/p>\n\n\n\n<p>&nbsp;&nbsp; \u00abEl objetivo es afinar la comunicaci\u00f3n, apuntando a que las novedades de gesti\u00f3n le lleguen a quien est\u00e1 esperando esa novedad porque le repercute en su vida\u00bb, argumentaron.<\/p>\n\n\n\n<p>&nbsp;&nbsp; Seg\u00fan confiaron fuentes bonaerenses a NA, en el tramo final de la campa\u00f1a \u00abno se est\u00e1n preparando grandes actos\u00bb, sino que \u00abla idea es que los distintos referentes del frente apuntalen la comunicaci\u00f3n desde distintos lugares del territorio\u00bb.<\/p>\n\n\n\n<p>&nbsp;&nbsp; \u00abSeguramente actos grandes s\u00f3lo se van a hacer para los cierres de campa\u00f1a. Los dirigentes se abocar\u00e1n a los temas en los que se sienten m\u00e1s c\u00f3modos e identificados\u00bb, manifestaron.<\/p>\n\n\n\n<p>&nbsp;&nbsp; Por \u00faltimo, afirmaron que \u00abel prop\u00f3sito es no seguir haciendo actos de todos juntos en el mismo lugar, sino dividirse para ocupar m\u00e1s espacios y poder recuperar m\u00e1s territorio\u00bb.<\/p>\n","protected":false},"excerpt":{"rendered":"<p>El Frente de Todos apuesta a \u00abdar vuelta la elecci\u00f3n\u00bb en provincia de Buenos Aires, al considerar que es la madre de las batallas, centrando la campa\u00f1a en mateadas y encuentros vecinales para \u00abescuchar\u00bb y \u00abcomunicar acciones de gesti\u00f3n\u00bb. &nbsp; &nbsp;\u00abLa idea es recuperar el formato de las mateadas y encuentros con los vecinos, que [&hellip;]<\/p>\n","protected":false},"author":2,"featured_media":0,"comment_status":"open","ping_status":"open","sticky":false,"template":"","format":"standard","meta":{"footnotes":""},"categories":[51],"tags":[48],"class_list":["post-7970","post","type-post","status-publish","format-standard","hentry","category-provincias","tag-destacada"],"_links":{"self":[{"href":"https:\/\/clicdenoticias.com\/index.php\/wp-json\/wp\/v2\/posts\/7970","targetHints":{"allow":["GET"]}}],"collection":[{"href":"https:\/\/clicdenoticias.com\/index.php\/wp-json\/wp\/v2\/posts"}],"about":[{"href":"https:\/\/clicdenoticias.com\/index.php\/wp-json\/wp\/v2\/types\/post"}],"author":[{"embeddable":true,"href":"https:\/\/clicdenoticias.com\/index.php\/wp-json\/wp\/v2\/users\/2"}],"replies":[{"embeddable":true,"href":"https:\/\/clicdenoticias.com\/index.php\/wp-json\/wp\/v2\/comments?post=7970"}],"version-history":[{"count":1,"href":"https:\/\/clicdenoticias.com\/index.php\/wp-json\/wp\/v2\/posts\/7970\/revisions"}],"predecessor-version":[{"id":7971,"href":"https:\/\/clicdenoticias.com\/index.php\/wp-json\/wp\/v2\/posts\/7970\/revisions\/7971"}],"wp:attachment":[{"href":"https:\/\/clicdenoticias.com\/index.php\/wp-json\/wp\/v2\/media?parent=7970"}],"wp:term":[{"taxonomy":"category","embeddable":true,"href":"https:\/\/clicdenoticias.com\/index.php\/wp-json\/wp\/v2\/categories?post=7970"},{"taxonomy":"post_tag","embeddable":true,"href":"https:\/\/clicdenoticias.com\/index.php\/wp-json\/wp\/v2\/tags?post=7970"}],"curies":[{"name":"wp","href":"https:\/\/api.w.org\/{rel}","templated":true}]}}