{"id":940,"date":"2021-04-12T02:32:20","date_gmt":"2021-04-12T02:32:20","guid":{"rendered":"https:\/\/clickdenoticias.com.ar\/?p=940"},"modified":"2021-04-12T02:32:21","modified_gmt":"2021-04-12T02:32:21","slug":"guzman-se-reunio-con-su-par-aleman-en-el-arranque-de-su-gira-europea-para-avanzar-con-el-fmi-y-el-club-de-paris","status":"publish","type":"post","link":"https:\/\/clicdenoticias.com\/index.php\/2021\/04\/12\/guzman-se-reunio-con-su-par-aleman-en-el-arranque-de-su-gira-europea-para-avanzar-con-el-fmi-y-el-club-de-paris\/","title":{"rendered":"GUZM\u00c1N SE REUNI\u00d3 CON SU PAR ALEM\u00c1N EN EL ARRANQUE DE SU GIRA EUROPEA PARA AVANZAR CON EL FMI Y EL CLUB DE PAR\u00cdS"},"content":{"rendered":"\n<p><strong>El ministro Mart\u00edn Guzm\u00e1n se reuni\u00f3 hoy en Berl\u00edn con el ministro Federal de Asuntos de Econom\u00eda y Energ\u00eda de Alemania, Peter Altmaier, en el arranque de su gira por Europa destinada a avanzar rumbo a los acuerdos por la deuda con el FMI y el Club de Par\u00eds.<\/strong><\/p>\n\n\n\n<p>&nbsp; &nbsp;\u00abArgentina y Alemania tienen complementariedades estrat\u00e9gicas en econom\u00edas del conocimiento y energ\u00edas sustentables\u00bb, destac\u00f3 Guzm\u00e1n.<\/p>\n\n\n\n<p>&nbsp;&nbsp; Dijo que ambos pa\u00edses seguir\u00e1n \u00abtrabajando para profundizar los v\u00ednculos bilaterales en estas \u00e1reas\u00bb.<\/p>\n\n\n\n<p>&nbsp;&nbsp; El ministro de Econom\u00eda argentino calific\u00f3 de \u00abmuy enriquecedor\u00bb al encuentro con su par alem\u00e1n.<\/p>\n\n\n\n<p>&nbsp;&nbsp; Ambos repasaron la marcha de las relaciones comerciales entre sus pa\u00edses y el desarrollo de las energ\u00edas renovables, as\u00ed como los v\u00ednculos entre Am\u00e9rica latina y la Uni\u00f3n Europea.<\/p>\n\n\n\n<p>&nbsp;&nbsp; Guzm\u00e1n y Altmaier tambi\u00e9n dialogaron sobre el rol de los organismos multilaterales en la recuperaci\u00f3n de la econom\u00eda global en el contexto de la pandemia del COVID-19.<\/p>\n\n\n\n<p>&nbsp;&nbsp; Ambos funcionarios repasaron las metas del acuerdo de Par\u00eds 2050 para combatir el cambio clim\u00e1tico y acelerar las acciones e inversiones necesarias para un futuro ambiental sostenible, inform\u00f3 el Palacio de Hacienda.<\/p>\n\n\n\n<p>&nbsp;&nbsp; \u00abArgentina y Alemania tienen complementariedades estrat\u00e9gicas en econom\u00edas del conocimiento y energ\u00edas sustentables.<\/p>\n\n\n\n<p>&nbsp;&nbsp;Seguiremos trabajando para profundizar los v\u00ednculos bilaterales en estas \u00e1reas\u00bb, sostuvo Guzm\u00e1n.<\/p>\n\n\n\n<p>&nbsp;&nbsp; En el marco de la gira europea que arranc\u00f3 en Alemania, y que incluye tambi\u00e9n Italia, Espa\u00f1a y Francia, el titular del Palacio de Hacienda tiene agendado este lunes, tambi\u00e9n en Berl\u00edn, un encuentro con Lars Hendrik Roller, Director General de Pol\u00edtica Econ\u00f3mica y Financiera de la Canciller\u00eda, entre otros funcionarios.<\/p>\n\n\n\n<p>&nbsp;&nbsp; El martes, en tanto, se reunir\u00e1 con el secretario del Ministerio Federal de Finanzas, Wolfgang Schmidt.<\/p>\n\n\n\n<p>&nbsp;&nbsp; La agenda continuar\u00e1 en Roma, donde el ministro tiene previsto reunirse con su par de Econom\u00eda y Finanzas de Italia, Daniele Franco.<\/p>\n\n\n\n<p>&nbsp;&nbsp; El objetivo del viaje apunta a construir entendimientos, en busca de concepciones comunes en relaci\u00f3n al rol de los organismos multilaterales de cr\u00e9dito, en el marco de la emergencia provocada por la pandemia global, explic\u00f3 Econom\u00eda.<\/p>\n\n\n\n<p>&nbsp;&nbsp; Guzm\u00e1n busca sumar los apoyos necesarios de los accionistas del FMI (especialmente G7 y G20), para concretar un programa que le sirva a la Argentina, indicaron fuentes del Palacio de Hacienda.<\/p>\n\n\n\n<p>&nbsp;&nbsp; Tambi\u00e9n se reunir\u00e1 con representantes de la sociedad civil y sector privado.<\/p>\n\n\n\n<p>&nbsp;&nbsp; La comitiva que acompa\u00f1a a Guzm\u00e1n incluye al director ante el FMI por la Argentina y el Cono Sur, Sergio Chodos; la titular de la Unidad de Coordinaci\u00f3n y Gesti\u00f3n de Asuntos Internacionales, Maia Colodenco; y la jefa de Gabinete del Ministerio de Econom\u00eda, Melina Mallamace.<\/p>\n","protected":false},"excerpt":{"rendered":"<p>El ministro Mart\u00edn Guzm\u00e1n se reuni\u00f3 hoy en Berl\u00edn con el ministro Federal de Asuntos de Econom\u00eda y Energ\u00eda de Alemania, Peter Altmaier, en el arranque de su gira por Europa destinada a avanzar rumbo a los acuerdos por la deuda con el FMI y el Club de Par\u00eds. &nbsp; &nbsp;\u00abArgentina y Alemania tienen complementariedades [&hellip;]<\/p>\n","protected":false},"author":2,"featured_media":941,"comment_status":"open","ping_status":"open","sticky":false,"template":"","format":"standard","meta":{"footnotes":""},"categories":[44],"tags":[],"class_list":["post-940","post","type-post","status-publish","format-standard","has-post-thumbnail","hentry","category-economia"],"_links":{"self":[{"href":"https:\/\/clicdenoticias.com\/index.php\/wp-json\/wp\/v2\/posts\/940","targetHints":{"allow":["GET"]}}],"collection":[{"href":"https:\/\/clicdenoticias.com\/index.php\/wp-json\/wp\/v2\/posts"}],"about":[{"href":"https:\/\/clicdenoticias.com\/index.php\/wp-json\/wp\/v2\/types\/post"}],"author":[{"embeddable":true,"href":"https:\/\/clicdenoticias.com\/index.php\/wp-json\/wp\/v2\/users\/2"}],"replies":[{"embeddable":true,"href":"https:\/\/clicdenoticias.com\/index.php\/wp-json\/wp\/v2\/comments?post=940"}],"version-history":[{"count":1,"href":"https:\/\/clicdenoticias.com\/index.php\/wp-json\/wp\/v2\/posts\/940\/revisions"}],"predecessor-version":[{"id":942,"href":"https:\/\/clicdenoticias.com\/index.php\/wp-json\/wp\/v2\/posts\/940\/revisions\/942"}],"wp:featuredmedia":[{"embeddable":true,"href":"https:\/\/clicdenoticias.com\/index.php\/wp-json\/wp\/v2\/media\/941"}],"wp:attachment":[{"href":"https:\/\/clicdenoticias.com\/index.php\/wp-json\/wp\/v2\/media?parent=940"}],"wp:term":[{"taxonomy":"category","embeddable":true,"href":"https:\/\/clicdenoticias.com\/index.php\/wp-json\/wp\/v2\/categories?post=940"},{"taxonomy":"post_tag","embeddable":true,"href":"https:\/\/clicdenoticias.com\/index.php\/wp-json\/wp\/v2\/tags?post=940"}],"curies":[{"name":"wp","href":"https:\/\/api.w.org\/{rel}","templated":true}]}}