{"id":9797,"date":"2021-12-01T14:36:34","date_gmt":"2021-12-01T17:36:34","guid":{"rendered":"https:\/\/clicdenoticias.com\/?p=9797"},"modified":"2021-12-01T14:36:34","modified_gmt":"2021-12-01T17:36:34","slug":"el-gobierno-incorporo-a-trabajadores-de-lineas-aereas-como-beneficiarios-del-repro-ii","status":"publish","type":"post","link":"https:\/\/clicdenoticias.com\/index.php\/2021\/12\/01\/el-gobierno-incorporo-a-trabajadores-de-lineas-aereas-como-beneficiarios-del-repro-ii\/","title":{"rendered":"EL GOBIERNO INCORPOR\u00d3 A TRABAJADORES DE L\u00cdNEAS A\u00c9REAS COMO BENEFICIARIOS DEL REPRO II"},"content":{"rendered":"\n<p><strong>El Gobierno incorpor\u00f3 hoy al transporte a\u00e9reo de pasajeros a la n\u00f3mina de sectores alcanzados por el Programa Repro II, por considerarlo una actividad \u00abcr\u00edtica\u00bb a ra\u00edz de la pandemia.<\/strong><\/p>\n\n\n\n<p>&nbsp; &nbsp;As\u00ed qued\u00f3 establecido por medio de la Resoluci\u00f3n 782\/2021 del Ministerio de Trabajo, publicada este mi\u00e9rcoles en el Bolet\u00edn Oficial.<\/p>\n\n\n\n<p>&nbsp;&nbsp; El Repro II se cre\u00f3 en noviembre del a\u00f1o pasado y consiste en una suma dineraria individual y fija a abonar a los trabajadores a cuenta del pago de las remuneraciones a cargo de los empleadores adheridos al Programa.<\/p>\n\n\n\n<p>&nbsp;&nbsp; El monto de la asistencia es variable seg\u00fan el sector en que la empresa desarrolle sus actividades: $22.000 para trabajadores de empresas de sectores cr\u00edticos, que es el monto que recibir\u00e1 el personal de las aerol\u00edneas; $9.000 a los sectores denominados \u00abno cr\u00edticos\u00bb.<\/p>\n\n\n\n<p>&nbsp;&nbsp; El beneficio se extiende por un mes, raz\u00f3n por la cual los empleadores deber\u00e1n inscribirse en el Programa de forma mensual para poder acceder.<\/p>\n\n\n\n<p>&nbsp;&nbsp; El Poder Ejecutivo se\u00f1al\u00f3 que atento a la implementaci\u00f3n de este subsidio, y a las modificaciones que viene teniendo la situaci\u00f3n de la econom\u00eda nacional producto de los indicadores de la pandemia, \u00abresulta pertinente realizar adaptaciones y aclaraciones que coadyuven al desarrollo del Programa, teniendo en cuenta la situaci\u00f3n y particularidades de los distintos sectores como as\u00ed tambi\u00e9n adecuarse a los cambios en la situaci\u00f3n sanitaria\u00bb.<\/p>\n\n\n\n<p>&nbsp;&nbsp; \u00abEn ese sentido resulta pertinente realizar adecuaciones y cambios en la n\u00f3mina de actividades alcanzadas por el Repro II\u00bb, justific\u00f3.<\/p>\n\n\n\n<p>&nbsp;&nbsp; Las empresas \u00e1reas de pasajeros comenzaron a ser afectadas a partir de la irrupci\u00f3n de una nueva cepa del Covid-19, \u00d3microm, por lo que se restringieron numerosos vuelos en diversos pa\u00edses.<\/p>\n","protected":false},"excerpt":{"rendered":"<p>El Gobierno incorpor\u00f3 hoy al transporte a\u00e9reo de pasajeros a la n\u00f3mina de sectores alcanzados por el Programa Repro II, por considerarlo una actividad \u00abcr\u00edtica\u00bb a ra\u00edz de la pandemia. &nbsp; &nbsp;As\u00ed qued\u00f3 establecido por medio de la Resoluci\u00f3n 782\/2021 del Ministerio de Trabajo, publicada este mi\u00e9rcoles en el Bolet\u00edn Oficial. &nbsp;&nbsp; El Repro II [&hellip;]<\/p>\n","protected":false},"author":2,"featured_media":9798,"comment_status":"open","ping_status":"open","sticky":false,"template":"","format":"standard","meta":{"footnotes":""},"categories":[46],"tags":[48],"class_list":["post-9797","post","type-post","status-publish","format-standard","has-post-thumbnail","hentry","category-gremial","tag-destacada"],"_links":{"self":[{"href":"https:\/\/clicdenoticias.com\/index.php\/wp-json\/wp\/v2\/posts\/9797","targetHints":{"allow":["GET"]}}],"collection":[{"href":"https:\/\/clicdenoticias.com\/index.php\/wp-json\/wp\/v2\/posts"}],"about":[{"href":"https:\/\/clicdenoticias.com\/index.php\/wp-json\/wp\/v2\/types\/post"}],"author":[{"embeddable":true,"href":"https:\/\/clicdenoticias.com\/index.php\/wp-json\/wp\/v2\/users\/2"}],"replies":[{"embeddable":true,"href":"https:\/\/clicdenoticias.com\/index.php\/wp-json\/wp\/v2\/comments?post=9797"}],"version-history":[{"count":1,"href":"https:\/\/clicdenoticias.com\/index.php\/wp-json\/wp\/v2\/posts\/9797\/revisions"}],"predecessor-version":[{"id":9799,"href":"https:\/\/clicdenoticias.com\/index.php\/wp-json\/wp\/v2\/posts\/9797\/revisions\/9799"}],"wp:featuredmedia":[{"embeddable":true,"href":"https:\/\/clicdenoticias.com\/index.php\/wp-json\/wp\/v2\/media\/9798"}],"wp:attachment":[{"href":"https:\/\/clicdenoticias.com\/index.php\/wp-json\/wp\/v2\/media?parent=9797"}],"wp:term":[{"taxonomy":"category","embeddable":true,"href":"https:\/\/clicdenoticias.com\/index.php\/wp-json\/wp\/v2\/categories?post=9797"},{"taxonomy":"post_tag","embeddable":true,"href":"https:\/\/clicdenoticias.com\/index.php\/wp-json\/wp\/v2\/tags?post=9797"}],"curies":[{"name":"wp","href":"https:\/\/api.w.org\/{rel}","templated":true}]}}